{"id":5136,"date":"2026-04-28T09:22:45","date_gmt":"2026-04-28T09:22:45","guid":{"rendered":"https:\/\/www.zengaffinenag.ch\/?p=5136"},"modified":"2026-04-28T09:27:17","modified_gmt":"2026-04-28T09:27:17","slug":"tag-der-offenen-tuer","status":"publish","type":"post","link":"https:\/\/www.zengaffinenag.ch\/fr\/tag-der-offenen-tuer\/","title":{"rendered":"Tag der offenen T\u00fcr"},"content":{"rendered":"\n<p>Am Industriezonenfest in Steg vom 23. Mai 2026 \u00f6ffnen wir unsere T\u00fcren und feiern unser Jubil\u00e4um mit der gesamten Bev\u00f6lkerunge.<\/p>\n\n\n\n<p>Kommt vorbei. Es gibt f\u00fcr Gross und Klein einiges zu sehen und zu erleben:<\/p>\n\n\n\n<ul class=\"wp-block-list\">\n<li>11:45 Uhr und 14:30 Uhr Liveshow mit unseren Grossger\u00e4ten<\/li>\n\n\n\n<li>Geschicklichkeitsspiele an unseren Maschinen<\/li>\n\n\n\n<li>Maurerwerkstatt mit unseren Lernenden<\/li>\n\n\n\n<li>Camion-Taxi<\/li>\n\n\n\n<li>Feine Kantine<\/li>\n\n\n\n<li>H\u00fcpfburg und mehr<br><\/li>\n<\/ul>\n\n\n\n<p><\/p>\n\n\n\n<p>Wir freuen uns auf euch.<\/p>\n\n\n\n<div class=\"wp-block-columns is-layout-flex wp-container-core-columns-is-layout-28f84493 wp-block-columns-is-layout-flex\">\n<div class=\"wp-block-column is-layout-flow wp-block-column-is-layout-flow\" style=\"flex-basis:100%\">\n<div class=\"wp-block-media-text is-stacked-on-mobile\"><figure class=\"wp-block-media-text__media\"><video controls src=\"https:\/\/www.zengaffinenag.ch\/wp-content\/uploads\/2026\/04\/8zig_Jahre_Zengaffinen1.mp4\"><\/video><\/figure><div class=\"wp-block-media-text__content\">\n<p><\/p>\n<\/div><\/div>\n<\/div>\n<\/div>\n\n\n\n<p><\/p>\n","protected":false},"excerpt":{"rendered":"<p>Am Industriezonenfest in Steg vom 23. Mai 2026 \u00f6ffnen wir unsere T\u00fcren und feiern unser Jubil\u00e4um mit der gesamten Bev\u00f6lkerunge. Kommt vorbei. Es gibt f\u00fcr Gross und Klein einiges zu sehen und zu erleben: Wir freuen uns auf euch.<\/p>\n","protected":false},"author":1,"featured_media":5086,"comment_status":"closed","ping_status":"closed","sticky":false,"template":"","format":"standard","meta":{"_acf_changed":false,"footnotes":""},"categories":[1],"tags":[],"class_list":["post-5136","post","type-post","status-publish","format-standard","has-post-thumbnail","hentry","category-unkategorisiert"],"acf":[],"yoast_head":"<!-- This site is optimized with the Yoast SEO plugin v27.5 - https:\/\/yoast.com\/product\/yoast-seo-wordpress\/ -->\n<title>Tag der offenen T\u00fcr - Zengaffinen Unternehmungen |\u00a0Bauunternehmung Wallis<\/title>\n<meta name=\"robots\" content=\"index, follow, max-snippet:-1, max-image-preview:large, max-video-preview:-1\" \/>\n<link rel=\"canonical\" href=\"https:\/\/www.zengaffinenag.ch\/tag-der-offenen-tuer\/\" \/>\n<meta property=\"og:locale\" content=\"fr_FR\" \/>\n<meta property=\"og:type\" content=\"article\" \/>\n<meta property=\"og:title\" content=\"Tag der offenen T\u00fcr - Zengaffinen Unternehmungen |\u00a0Bauunternehmung Wallis\" \/>\n<meta property=\"og:description\" content=\"Am Industriezonenfest in Steg vom 23. Mai 2026 \u00f6ffnen wir unsere T\u00fcren und feiern unser Jubil\u00e4um mit der gesamten Bev\u00f6lkerunge. Kommt vorbei. Es gibt f\u00fcr Gross und Klein einiges zu sehen und zu erleben: Wir freuen uns auf euch.\" \/>\n<meta property=\"og:url\" content=\"https:\/\/www.zengaffinenag.ch\/tag-der-offenen-tuer\/\" \/>\n<meta property=\"og:site_name\" content=\"Zengaffinen Unternehmungen |\u00a0Bauunternehmung Wallis\" \/>\n<meta property=\"article:published_time\" content=\"2026-04-28T09:22:45+00:00\" \/>\n<meta property=\"article:modified_time\" content=\"2026-04-28T09:27:17+00:00\" \/>\n<meta property=\"og:image\" content=\"https:\/\/www.zengaffinenag.ch\/wp-content\/uploads\/2026\/01\/Titelbild-News-Jubilaeum.jpg\" \/>\n\t<meta property=\"og:image:width\" content=\"2500\" \/>\n\t<meta property=\"og:image:height\" content=\"1563\" \/>\n\t<meta property=\"og:image:type\" content=\"image\/jpeg\" \/>\n<meta name=\"author\" content=\"admin\" \/>\n<meta name=\"twitter:card\" content=\"summary_large_image\" \/>\n<meta name=\"twitter:label1\" content=\"\u00c9crit par\" \/>\n\t<meta name=\"twitter:data1\" content=\"admin\" \/>\n\t<meta name=\"twitter:label2\" content=\"Dur\u00e9e de lecture estim\u00e9e\" \/>\n\t<meta name=\"twitter:data2\" content=\"1 minute\" \/>\n<script type=\"application\/ld+json\" class=\"yoast-schema-graph\">{\"@context\":\"https:\\\/\\\/schema.org\",\"@graph\":[{\"@type\":\"Article\",\"@id\":\"https:\\\/\\\/www.zengaffinenag.ch\\\/tag-der-offenen-tuer\\\/#article\",\"isPartOf\":{\"@id\":\"https:\\\/\\\/www.zengaffinenag.ch\\\/tag-der-offenen-tuer\\\/\"},\"author\":{\"name\":\"admin\",\"@id\":\"https:\\\/\\\/www.zengaffinenag.ch\\\/#\\\/schema\\\/person\\\/aaeb37f005ab755895fbbbfbff3695c0\"},\"headline\":\"Tag der offenen T\u00fcr\",\"datePublished\":\"2026-04-28T09:22:45+00:00\",\"dateModified\":\"2026-04-28T09:27:17+00:00\",\"mainEntityOfPage\":{\"@id\":\"https:\\\/\\\/www.zengaffinenag.ch\\\/tag-der-offenen-tuer\\\/\"},\"wordCount\":69,\"image\":{\"@id\":\"https:\\\/\\\/www.zengaffinenag.ch\\\/tag-der-offenen-tuer\\\/#primaryimage\"},\"thumbnailUrl\":\"https:\\\/\\\/www.zengaffinenag.ch\\\/wp-content\\\/uploads\\\/2026\\\/01\\\/Titelbild-News-Jubilaeum.jpg\",\"articleSection\":[\"Unkategorisiert\"],\"inLanguage\":\"fr-FR\"},{\"@type\":\"WebPage\",\"@id\":\"https:\\\/\\\/www.zengaffinenag.ch\\\/tag-der-offenen-tuer\\\/\",\"url\":\"https:\\\/\\\/www.zengaffinenag.ch\\\/tag-der-offenen-tuer\\\/\",\"name\":\"Tag der offenen T\u00fcr - Zengaffinen Unternehmungen |\u00a0Bauunternehmung Wallis\",\"isPartOf\":{\"@id\":\"https:\\\/\\\/www.zengaffinenag.ch\\\/#website\"},\"primaryImageOfPage\":{\"@id\":\"https:\\\/\\\/www.zengaffinenag.ch\\\/tag-der-offenen-tuer\\\/#primaryimage\"},\"image\":{\"@id\":\"https:\\\/\\\/www.zengaffinenag.ch\\\/tag-der-offenen-tuer\\\/#primaryimage\"},\"thumbnailUrl\":\"https:\\\/\\\/www.zengaffinenag.ch\\\/wp-content\\\/uploads\\\/2026\\\/01\\\/Titelbild-News-Jubilaeum.jpg\",\"datePublished\":\"2026-04-28T09:22:45+00:00\",\"dateModified\":\"2026-04-28T09:27:17+00:00\",\"author\":{\"@id\":\"https:\\\/\\\/www.zengaffinenag.ch\\\/#\\\/schema\\\/person\\\/aaeb37f005ab755895fbbbfbff3695c0\"},\"breadcrumb\":{\"@id\":\"https:\\\/\\\/www.zengaffinenag.ch\\\/tag-der-offenen-tuer\\\/#breadcrumb\"},\"inLanguage\":\"fr-FR\",\"potentialAction\":[{\"@type\":\"ReadAction\",\"target\":[\"https:\\\/\\\/www.zengaffinenag.ch\\\/tag-der-offenen-tuer\\\/\"]}]},{\"@type\":\"ImageObject\",\"inLanguage\":\"fr-FR\",\"@id\":\"https:\\\/\\\/www.zengaffinenag.ch\\\/tag-der-offenen-tuer\\\/#primaryimage\",\"url\":\"https:\\\/\\\/www.zengaffinenag.ch\\\/wp-content\\\/uploads\\\/2026\\\/01\\\/Titelbild-News-Jubilaeum.jpg\",\"contentUrl\":\"https:\\\/\\\/www.zengaffinenag.ch\\\/wp-content\\\/uploads\\\/2026\\\/01\\\/Titelbild-News-Jubilaeum.jpg\",\"width\":2500,\"height\":1563},{\"@type\":\"BreadcrumbList\",\"@id\":\"https:\\\/\\\/www.zengaffinenag.ch\\\/tag-der-offenen-tuer\\\/#breadcrumb\",\"itemListElement\":[{\"@type\":\"ListItem\",\"position\":1,\"name\":\"Home\",\"item\":\"https:\\\/\\\/www.zengaffinenag.ch\\\/fr\\\/\"},{\"@type\":\"ListItem\",\"position\":2,\"name\":\"Tag der offenen T\u00fcr\"}]},{\"@type\":\"WebSite\",\"@id\":\"https:\\\/\\\/www.zengaffinenag.ch\\\/#website\",\"url\":\"https:\\\/\\\/www.zengaffinenag.ch\\\/\",\"name\":\"Zengaffinen Unternehmungen |\u00a0Bauunternehmung Wallis\",\"description\":\"\",\"potentialAction\":[{\"@type\":\"SearchAction\",\"target\":{\"@type\":\"EntryPoint\",\"urlTemplate\":\"https:\\\/\\\/www.zengaffinenag.ch\\\/?s={search_term_string}\"},\"query-input\":{\"@type\":\"PropertyValueSpecification\",\"valueRequired\":true,\"valueName\":\"search_term_string\"}}],\"inLanguage\":\"fr-FR\"},{\"@type\":\"Person\",\"@id\":\"https:\\\/\\\/www.zengaffinenag.ch\\\/#\\\/schema\\\/person\\\/aaeb37f005ab755895fbbbfbff3695c0\",\"name\":\"admin\",\"image\":{\"@type\":\"ImageObject\",\"inLanguage\":\"fr-FR\",\"@id\":\"https:\\\/\\\/secure.gravatar.com\\\/avatar\\\/1f737e8ab53cd8d54c4dc87df139b4ab00aabf9f3101fe7ddccd23192e38f010?s=96&d=mm&r=g\",\"url\":\"https:\\\/\\\/secure.gravatar.com\\\/avatar\\\/1f737e8ab53cd8d54c4dc87df139b4ab00aabf9f3101fe7ddccd23192e38f010?s=96&d=mm&r=g\",\"contentUrl\":\"https:\\\/\\\/secure.gravatar.com\\\/avatar\\\/1f737e8ab53cd8d54c4dc87df139b4ab00aabf9f3101fe7ddccd23192e38f010?s=96&d=mm&r=g\",\"caption\":\"admin\"},\"sameAs\":[\"https:\\\/\\\/www.zengaffinenag.ch\"]}]}<\/script>\n<!-- \/ Yoast SEO plugin. -->","yoast_head_json":{"title":"Tag der offenen T\u00fcr - Zengaffinen Unternehmungen |\u00a0Bauunternehmung Wallis","robots":{"index":"index","follow":"follow","max-snippet":"max-snippet:-1","max-image-preview":"max-image-preview:large","max-video-preview":"max-video-preview:-1"},"canonical":"https:\/\/www.zengaffinenag.ch\/tag-der-offenen-tuer\/","og_locale":"fr_FR","og_type":"article","og_title":"Tag der offenen T\u00fcr - Zengaffinen Unternehmungen |\u00a0Bauunternehmung Wallis","og_description":"Am Industriezonenfest in Steg vom 23. Mai 2026 \u00f6ffnen wir unsere T\u00fcren und feiern unser Jubil\u00e4um mit der gesamten Bev\u00f6lkerunge. Kommt vorbei. Es gibt f\u00fcr Gross und Klein einiges zu sehen und zu erleben: Wir freuen uns auf euch.","og_url":"https:\/\/www.zengaffinenag.ch\/tag-der-offenen-tuer\/","og_site_name":"Zengaffinen Unternehmungen |\u00a0Bauunternehmung Wallis","article_published_time":"2026-04-28T09:22:45+00:00","article_modified_time":"2026-04-28T09:27:17+00:00","og_image":[{"width":2500,"height":1563,"url":"https:\/\/www.zengaffinenag.ch\/wp-content\/uploads\/2026\/01\/Titelbild-News-Jubilaeum.jpg","type":"image\/jpeg"}],"author":"admin","twitter_card":"summary_large_image","twitter_misc":{"\u00c9crit par":"admin","Dur\u00e9e de lecture estim\u00e9e":"1 minute"},"schema":{"@context":"https:\/\/schema.org","@graph":[{"@type":"Article","@id":"https:\/\/www.zengaffinenag.ch\/tag-der-offenen-tuer\/#article","isPartOf":{"@id":"https:\/\/www.zengaffinenag.ch\/tag-der-offenen-tuer\/"},"author":{"name":"admin","@id":"https:\/\/www.zengaffinenag.ch\/#\/schema\/person\/aaeb37f005ab755895fbbbfbff3695c0"},"headline":"Tag der offenen T\u00fcr","datePublished":"2026-04-28T09:22:45+00:00","dateModified":"2026-04-28T09:27:17+00:00","mainEntityOfPage":{"@id":"https:\/\/www.zengaffinenag.ch\/tag-der-offenen-tuer\/"},"wordCount":69,"image":{"@id":"https:\/\/www.zengaffinenag.ch\/tag-der-offenen-tuer\/#primaryimage"},"thumbnailUrl":"https:\/\/www.zengaffinenag.ch\/wp-content\/uploads\/2026\/01\/Titelbild-News-Jubilaeum.jpg","articleSection":["Unkategorisiert"],"inLanguage":"fr-FR"},{"@type":"WebPage","@id":"https:\/\/www.zengaffinenag.ch\/tag-der-offenen-tuer\/","url":"https:\/\/www.zengaffinenag.ch\/tag-der-offenen-tuer\/","name":"Tag der offenen T\u00fcr - Zengaffinen Unternehmungen |\u00a0Bauunternehmung Wallis","isPartOf":{"@id":"https:\/\/www.zengaffinenag.ch\/#website"},"primaryImageOfPage":{"@id":"https:\/\/www.zengaffinenag.ch\/tag-der-offenen-tuer\/#primaryimage"},"image":{"@id":"https:\/\/www.zengaffinenag.ch\/tag-der-offenen-tuer\/#primaryimage"},"thumbnailUrl":"https:\/\/www.zengaffinenag.ch\/wp-content\/uploads\/2026\/01\/Titelbild-News-Jubilaeum.jpg","datePublished":"2026-04-28T09:22:45+00:00","dateModified":"2026-04-28T09:27:17+00:00","author":{"@id":"https:\/\/www.zengaffinenag.ch\/#\/schema\/person\/aaeb37f005ab755895fbbbfbff3695c0"},"breadcrumb":{"@id":"https:\/\/www.zengaffinenag.ch\/tag-der-offenen-tuer\/#breadcrumb"},"inLanguage":"fr-FR","potentialAction":[{"@type":"ReadAction","target":["https:\/\/www.zengaffinenag.ch\/tag-der-offenen-tuer\/"]}]},{"@type":"ImageObject","inLanguage":"fr-FR","@id":"https:\/\/www.zengaffinenag.ch\/tag-der-offenen-tuer\/#primaryimage","url":"https:\/\/www.zengaffinenag.ch\/wp-content\/uploads\/2026\/01\/Titelbild-News-Jubilaeum.jpg","contentUrl":"https:\/\/www.zengaffinenag.ch\/wp-content\/uploads\/2026\/01\/Titelbild-News-Jubilaeum.jpg","width":2500,"height":1563},{"@type":"BreadcrumbList","@id":"https:\/\/www.zengaffinenag.ch\/tag-der-offenen-tuer\/#breadcrumb","itemListElement":[{"@type":"ListItem","position":1,"name":"Home","item":"https:\/\/www.zengaffinenag.ch\/fr\/"},{"@type":"ListItem","position":2,"name":"Tag der offenen T\u00fcr"}]},{"@type":"WebSite","@id":"https:\/\/www.zengaffinenag.ch\/#website","url":"https:\/\/www.zengaffinenag.ch\/","name":"Zengaffinen Unternehmungen |\u00a0Bauunternehmung Wallis","description":"","potentialAction":[{"@type":"SearchAction","target":{"@type":"EntryPoint","urlTemplate":"https:\/\/www.zengaffinenag.ch\/?s={search_term_string}"},"query-input":{"@type":"PropertyValueSpecification","valueRequired":true,"valueName":"search_term_string"}}],"inLanguage":"fr-FR"},{"@type":"Person","@id":"https:\/\/www.zengaffinenag.ch\/#\/schema\/person\/aaeb37f005ab755895fbbbfbff3695c0","name":"admin","image":{"@type":"ImageObject","inLanguage":"fr-FR","@id":"https:\/\/secure.gravatar.com\/avatar\/1f737e8ab53cd8d54c4dc87df139b4ab00aabf9f3101fe7ddccd23192e38f010?s=96&d=mm&r=g","url":"https:\/\/secure.gravatar.com\/avatar\/1f737e8ab53cd8d54c4dc87df139b4ab00aabf9f3101fe7ddccd23192e38f010?s=96&d=mm&r=g","contentUrl":"https:\/\/secure.gravatar.com\/avatar\/1f737e8ab53cd8d54c4dc87df139b4ab00aabf9f3101fe7ddccd23192e38f010?s=96&d=mm&r=g","caption":"admin"},"sameAs":["https:\/\/www.zengaffinenag.ch"]}]}},"_links":{"self":[{"href":"https:\/\/www.zengaffinenag.ch\/fr\/wp-json\/wp\/v2\/posts\/5136","targetHints":{"allow":["GET"]}}],"collection":[{"href":"https:\/\/www.zengaffinenag.ch\/fr\/wp-json\/wp\/v2\/posts"}],"about":[{"href":"https:\/\/www.zengaffinenag.ch\/fr\/wp-json\/wp\/v2\/types\/post"}],"author":[{"embeddable":true,"href":"https:\/\/www.zengaffinenag.ch\/fr\/wp-json\/wp\/v2\/users\/1"}],"replies":[{"embeddable":true,"href":"https:\/\/www.zengaffinenag.ch\/fr\/wp-json\/wp\/v2\/comments?post=5136"}],"version-history":[{"count":4,"href":"https:\/\/www.zengaffinenag.ch\/fr\/wp-json\/wp\/v2\/posts\/5136\/revisions"}],"predecessor-version":[{"id":5142,"href":"https:\/\/www.zengaffinenag.ch\/fr\/wp-json\/wp\/v2\/posts\/5136\/revisions\/5142"}],"wp:featuredmedia":[{"embeddable":true,"href":"https:\/\/www.zengaffinenag.ch\/fr\/wp-json\/wp\/v2\/media\/5086"}],"wp:attachment":[{"href":"https:\/\/www.zengaffinenag.ch\/fr\/wp-json\/wp\/v2\/media?parent=5136"}],"wp:term":[{"taxonomy":"category","embeddable":true,"href":"https:\/\/www.zengaffinenag.ch\/fr\/wp-json\/wp\/v2\/categories?post=5136"},{"taxonomy":"post_tag","embeddable":true,"href":"https:\/\/www.zengaffinenag.ch\/fr\/wp-json\/wp\/v2\/tags?post=5136"}],"curies":[{"name":"wp","href":"https:\/\/api.w.org\/{rel}","templated":true}]}}